{"id":271,"date":"2018-04-06T10:28:23","date_gmt":"2018-04-06T08:28:23","guid":{"rendered":"http:\/\/klinicysta.pl\/?p=271"},"modified":"2018-05-24T12:20:26","modified_gmt":"2018-05-24T10:20:26","slug":"niedoceniony-bol-maratonczyka","status":"publish","type":"post","link":"https:\/\/klinicysta.pl\/index.php\/2018\/04\/06\/niedoceniony-bol-maratonczyka\/","title":{"rendered":"Niedoceniony b\u00f3l marato\u0144czyka"},"content":{"rendered":"<p>&nbsp;<\/p>\n<h4 style=\"text-align: justify;\">Wraz z up\u0142ywem czasu marato\u0144czycy cz\u0119sto umniejszaj\u0105 b\u00f3l, kt\u00f3ry czuli na mecie. Badacze z UJ wykazali, \u017ce gdy w momencie badania nic im nie dolega\u0142o &#8211; b\u00f3l ten okre\u015blali jako mniejszy, ni\u017c by\u0142 w rzeczywisto\u015bci. W przeciwnym razie przypominali sobie poprawnie.<\/h4>\n<div>\n<h4 style=\"text-align: justify;\">Wykaza\u0142y to prace Zespo\u0142u Badania B\u00f3lu kierowanego przez dr. hab. Przemys\u0142awa B\u0105bla z Instytutu Psychologii Uniwersytetu Jagiello\u0144skiego.<\/h4>\n<h4 style=\"text-align: justify;\">Kilka lat temu krakowscy badacze przeprowadzili eksperyment na marato\u0144czykach, kt\u00f3ry by\u0142 jedynym dot\u0105d badaniem pami\u0119ci b\u00f3lu, odnosz\u0105cym si\u0119 do wysi\u0142ku fizycznego. Badacze sprawdzali w\u00f3wczas, jak marato\u0144czycy pami\u0119taj\u0105 b\u00f3l odczuwany na mecie po trzech i sze\u015bciu miesi\u0105cach od zako\u0144czenia biegu. W najnowszym badaniu postanowili sprawdzi\u0107 dwa czynniki, kt\u00f3re mog\u0105 wp\u0142ywa\u0107 na pami\u0119\u0107 b\u00f3lu marato\u0144czyk\u00f3w: ewentualny b\u00f3l odczuwany podczas odpami\u0119tywania (przywo\u0142ania tego, co zapami\u0119tali\u015bmy) i czas, kt\u00f3ry up\u0142yn\u0105\u0142 od biegu (tydzie\u0144 i miesi\u0105c).<\/h4>\n<h4 style=\"text-align: justify;\">&#8222;W naszych poprzednich badaniach okaza\u0142o si\u0119, \u017ce b\u00f3l wywo\u0142any przebiegni\u0119ciem maratonu pami\u0119tany jest po trzechi sze\u015bciu miesi\u0105cach jako s\u0142abszy i mniej nieprzyjemny, ni\u017c badani oceniali go na mecie. Nie stwierdzili\u015bmy w\u00f3wczas r\u00f3\u017cnic w pami\u0119taniu b\u00f3lu po trzech i sze\u015bciu miesi\u0105cach. Chcieli\u015bmy wi\u0119c sprawdzi\u0107, czy zniekszta\u0142cenia pami\u0119ci tego typu b\u00f3lu pojawiaj\u0105 si\u0119 wcze\u015bniej: po tygodniu i miesi\u0105cu&#8221; \u2013 m\u00f3wi dr hab. Przemys\u0142aw B\u0105bel.<\/h4>\n<h4 style=\"text-align: justify;\">W eksperymencie wzi\u0119\u0142o udzia\u0142 127 marato\u0144czyk\u00f3w \u2013 uczestnik\u00f3w 15 PZU Cracovia Maraton. 85 proc. badanych stanowili m\u0119\u017cczy\u017ani, a \u015bredni wiek badanych wyni\u00f3s\u0142 nieco ponad 33 lata. Wszyscy badani ju\u017c na mecie maratonu za pomoc\u0105 specjalnych skal najpierw oceniali b\u00f3l, kt\u00f3ry odczuwali. Potem \u2013 po up\u0142ywie tygodnia lub miesi\u0105ca \u2013 poprzez ankiety elektroniczne ponownie oceniali intensywno\u015b\u0107 i nieprzyjemno\u015b\u0107 b\u00f3lu. Zar\u00f3wno tego, kt\u00f3ry odczuwali na mecie; jak r\u00f3wnie\u017c tego, kt\u00f3ry czuli aktualnie.<\/h4>\n<h4 style=\"text-align: justify;\">Okaza\u0142o si\u0119, \u017ce uczestnicy badania niedoszacowywali intensywno\u015b\u0107 i nieprzyjemno\u015b\u0107 b\u00f3lu, kt\u00f3ry odczuwali na mecie, tylko je\u015bli w momencie samego badania b\u00f3lu ju\u017c nie czuli. Je\u015bli jednak czuli b\u00f3l, ten wspominany oceniali tak samo, jak zaraz po uko\u0144czonym maratonie.<\/h4>\n<h4 style=\"text-align: justify;\">Znaczenie mia\u0142 r\u00f3wnie\u017c czas. Efekt niedoszacowania widoczny by\u0142 szczeg\u00f3lnie u tych marato\u0144czyk\u00f3w, kt\u00f3rzy uko\u0144czyli bieg przed miesi\u0105cem.<\/h4>\n<h4 style=\"text-align: justify;\">&#8222;Zwi\u0105zek aktualnie odczuwanego b\u00f3lu z pami\u0119ci\u0105 r\u00f3\u017cnych rodzaj\u00f3w b\u00f3lu by\u0142 ju\u017c stwierdzany wcze\u015bniej, ale nasze badanie jako pierwsze dowiod\u0142o, \u017ce brak odczuwania b\u00f3lu w chwili odpami\u0119tania jest przyczyn\u0105 zniekszta\u0142ce\u0144 pami\u0119ci b\u00f3lu. Mamy podstawy s\u0105dzi\u0107, \u017ce wynik ten nie jest specyficzny dla b\u00f3lu wywo\u0142anego przez przebiegni\u0119cie maratonu, ale i innych rodzaj\u00f3w b\u00f3lu&#8221; &#8211; m\u00f3wi dr hab. Przemys\u0142aw B\u0105bel.<\/h4>\n<h4 style=\"text-align: justify;\">Poniewa\u017c &#8211; jak m\u00f3wi &#8211; pami\u0119\u0107 b\u00f3lu wp\u0142ywa na przysz\u0142e do\u015bwiadczenia b\u00f3lowe, wyniki badania sugeruj\u0105, \u017ce pacjenci mog\u0105 by\u0107 bardziej sk\u0142onni do ponownego poddawania si\u0119 bolesnej procedurze medycznej (np. kolonoskopii), gdy w chwili podejmowania decyzji nie b\u0119d\u0105 odczuwa\u0107 b\u00f3lu. &#8222;Podobnie jak marato\u0144czycy ch\u0119tniej powinni podejmowa\u0107 decyzj\u0119 o udziale w kolejnym maratonie, je\u015bli nie odczuwaj\u0105 ju\u017c b\u00f3lu po poprzednim&#8221; \u2013 podkre\u015bla dr hab. Przemys\u0142aw B\u0105bel.<\/h4>\n<h4 style=\"text-align: justify;\">Badania sfinansowane ze \u015brodk\u00f3w Narodowego Centrum Nauki opublikowa\u0142o pismo European Journal of Pain: doi:10.1002\/ejp.1166.<\/h4>\n<h4 style=\"text-align: justify;\">PAP &#8211; Nauka w Polsce<\/h4>\n<h4 style=\"text-align: justify;\">\u0179r\u00f3d\u0142o:\u00a0<a title=\"Follow link\" href=\"http:\/\/www.naukawpolsce.pap.pl\/\" rel=\"nofollow\">www.naukawpolsce.pap.pl<\/a><\/h4>\n<\/div>\n   ","protected":false},"excerpt":{"rendered":"<p>&nbsp; Wraz z up\u0142ywem czasu marato\u0144czycy cz\u0119sto umniejszaj\u0105 b\u00f3l, kt\u00f3ry czuli na mecie. Badacze z UJ wykazali, \u017ce gdy w momencie badania nic im nie dolega\u0142o &#8211; b\u00f3l ten okre\u015blali jako mniejszy, ni\u017c by\u0142 w rzeczywisto\u015bci. W przeciwnym razie przypominali sobie poprawnie. Wykaza\u0142y to prace Zespo\u0142u Badania B\u00f3lu kierowanego przez dr. hab. Przemys\u0142awa B\u0105bla z&hellip; <br \/> <a class=\"read-more\" href=\"https:\/\/klinicysta.pl\/index.php\/2018\/04\/06\/niedoceniony-bol-maratonczyka\/\">Dowiedz si\u0119 wi\u0119cej<\/a><\/p>\n","protected":false},"author":6,"featured_media":272,"comment_status":"open","ping_status":"open","sticky":false,"template":"","format":"standard","meta":{"_bbp_topic_count":0,"_bbp_reply_count":0,"_bbp_total_topic_count":0,"_bbp_total_reply_count":0,"_bbp_voice_count":0,"_bbp_anonymous_reply_count":0,"_bbp_topic_count_hidden":0,"_bbp_reply_count_hidden":0,"_bbp_forum_subforum_count":0,"footnotes":""},"categories":[1],"tags":[],"class_list":["post-271","post","type-post","status-publish","format-standard","has-post-thumbnail","hentry","category-bez-kategorii"],"_links":{"self":[{"href":"https:\/\/klinicysta.pl\/index.php\/wp-json\/wp\/v2\/posts\/271","targetHints":{"allow":["GET"]}}],"collection":[{"href":"https:\/\/klinicysta.pl\/index.php\/wp-json\/wp\/v2\/posts"}],"about":[{"href":"https:\/\/klinicysta.pl\/index.php\/wp-json\/wp\/v2\/types\/post"}],"author":[{"embeddable":true,"href":"https:\/\/klinicysta.pl\/index.php\/wp-json\/wp\/v2\/users\/6"}],"replies":[{"embeddable":true,"href":"https:\/\/klinicysta.pl\/index.php\/wp-json\/wp\/v2\/comments?post=271"}],"version-history":[{"count":5,"href":"https:\/\/klinicysta.pl\/index.php\/wp-json\/wp\/v2\/posts\/271\/revisions"}],"predecessor-version":[{"id":350,"href":"https:\/\/klinicysta.pl\/index.php\/wp-json\/wp\/v2\/posts\/271\/revisions\/350"}],"wp:featuredmedia":[{"embeddable":true,"href":"https:\/\/klinicysta.pl\/index.php\/wp-json\/wp\/v2\/media\/272"}],"wp:attachment":[{"href":"https:\/\/klinicysta.pl\/index.php\/wp-json\/wp\/v2\/media?parent=271"}],"wp:term":[{"taxonomy":"category","embeddable":true,"href":"https:\/\/klinicysta.pl\/index.php\/wp-json\/wp\/v2\/categories?post=271"},{"taxonomy":"post_tag","embeddable":true,"href":"https:\/\/klinicysta.pl\/index.php\/wp-json\/wp\/v2\/tags?post=271"}],"curies":[{"name":"wp","href":"https:\/\/api.w.org\/{rel}","templated":true}]}}